{"id":1443,"date":"2023-01-18T12:59:25","date_gmt":"2023-01-18T12:59:25","guid":{"rendered":"https:\/\/aric.org.ro\/?p=1443"},"modified":"2023-01-18T13:04:52","modified_gmt":"2023-01-18T13:04:52","slug":"barometrul-efca-toamna-2022","status":"publish","type":"post","link":"https:\/\/aric.org.ro\/?p=1443","title":{"rendered":"BAROMETRUL EFCA TOAMNA 2022"},"content":{"rendered":"\n<p><strong>Semne c\u0103 pie\u021bele europene de consultan\u021b\u0103 \u00een inginerie ar putea \u00eencepe s\u0103 se r\u0103ceasc\u0103<\/strong><\/p>\n\n\n\n<p>Cel mai recent&nbsp;<strong>Barometru al Industriei&nbsp;<\/strong>de la Federa\u021bia European\u0103 a Asocia\u021biilor de Consultan\u021b\u0103 \u00een Inginerie (<strong>EFCA<\/strong>) arat\u0103 c\u0103 ultimele 6 luni au fost foarte ocupate pentru industria de consultan\u021b\u0103 \u0219i inginerie din Europa.&nbsp;Registrele de comenzi arat\u0103 \u00een continuare foarte bine, dar indicele ocup\u0103rii for\u021bei de munc\u0103 este acum \u00een sc\u0103dere. Cele mai mari provoc\u0103ri actuale pentru industria de consultan\u021b\u0103 \u0219i inginerie din Europa sunt deficitul de personal, onorariile mici \u0219i cre\u0219terile salariale. Cu toate acestea, impactul r\u0103zboiului din Ucraina, criza energetic\u0103, cre\u0219terea infla\u021biei \u0219i cre\u0219terea ratelor dob\u00e2nzilor sunt factori care contribuie la cre\u0219terea incertitudinii cu privire la evolu\u021biile pie\u021bei \u00een viitor.<\/p>\n\n\n\n<p>Henrik, Garver, CEO al Asocia\u021biei daneze a inginerilor consultan\u021bi \u0219i pre\u0219edinte al Comitetului pentru mediu economic al EFCA, a comentat lansarea celui mai recent Barometru al industriei EFCA, care arat\u0103 tendin\u021bele \u0219i a\u0219tept\u0103rile bianuale \u00een r\u00e2ndul inginerilor consultan\u021bi europeni.<br>&#8220;Indicele pie\u021bei EFCA, care arat\u0103 evolu\u021bia general\u0103 a pie\u021belor europene, s-a \u00eembun\u0103t\u0103\u021bit semnificativ fa\u021b\u0103 de prim\u0103vara anului 2022 \u0219i se afl\u0103 la cel mai ridicat nivel \u00eenregistrat de la \u00eenceputul anului 2018. Indicele ocup\u0103rii for\u021bei de munc\u0103 a atins un v\u00e2rf \u00een prim\u0103vara anului 2022 \u0219i acum a sc\u0103zut din nou la niveluri mai normale \u0219i este de a\u0219teptat s\u0103 scad\u0103 u\u0219or \u00een urm\u0103toarele 6 luni&#8221;, spune dl Garver.<\/p>\n\n\n\n<p>Evolu\u021bia indicelui EFCA al ocup\u0103rii for\u021bei de munc\u0103 se coreleaz\u0103 cu previziunile de toamn\u0103 realizate de Comisia European\u0103 pe pie\u021bele for\u021bei de munc\u0103. Cre\u0219terea ocup\u0103rii for\u021bei de munc\u0103 este prognozat\u0103 la 1,7 % \u00een UE \u00een acest an, \u00eenainte de a se situa \u00eentr-un impas \u00een 2023 \u0219i de a cre\u0219te moderat p\u00e2n\u0103 la 0,4 % \u00een 2024.<\/p>\n\n\n\n<p>Dl Garver a ad\u0103ugat: &#8220;De\u0219i deficitul de personal r\u0103m\u00e2ne cea mai important\u0103 preocupare, exist\u0103 mai pu\u021bine preocup\u0103ri cu privire la \u00eent\u00e2rzierea efectu\u0103rii pl\u0103\u021bilor, onorariile sc\u0103zute \u0219i accesul la finan\u021bare, precum \u0219i preocup\u0103rile sporite cu privire la cre\u0219terile salariale.&nbsp;Demn de remarcat este faptul c\u0103 incertitudinea politic\u0103 a devenit o provocare de top cinci pentru industria de consultan\u021b\u0103 \u0219i inginerie.<\/p>\n\n\n\n<p>Profitabilitatea a sc\u0103zut semnificativ de la un nivel ridicat de 7,1% \u00een 2020 la 4,9% \u00een 2021 &#8211; ceea ce reprezint\u0103 un nivel destul de similar cu cel din 2018-2019. &nbsp;Cu toate acestea, 4,9% este al doilea cel mai slab nivel de la \u00eenceputul m\u0103sur\u0103torilor uniforme EFCA \u00een 2013. &#8220;<\/p>\n\n\n\n<p>Av\u00e2nd \u00een vedere dependen\u021ba UE de combustibilii fosili importa\u021bi \u0219i \u0219ocul actual al pre\u021burilor energiei, EFCA pledeaz\u0103 ferm pentru stimulentele \u0219i investi\u021biile de reglementare adecvate pentru atenuarea impactului negativ al schimb\u0103rilor climatice, cre\u0219terea eficien\u021bei energetice \u0219i accelerarea produc\u021biei de energii regenerabile. Industria consultan\u021bei \u00een domeniul ingineriei are un rol major \u00een \u00eendeplinirea obiectivelor ambi\u021bioase ale Europei \u00een materie de schimb\u0103ri climatice.&#8221;<\/p>\n\n\n\n<p><\/p>\n\n\n\n<p><a href=\"\/wp-content\/uploads\/2022\/11\/EFCA_Barometer_Autumn2022.pdf\">EFCA_pdf<\/a><\/p>\n","protected":false},"excerpt":{"rendered":"<p>Semne c\u0103 pie\u021bele europene de consultan\u021b\u0103 \u00een inginerie ar putea \u00eencepe s\u0103 se r\u0103ceasc\u0103 Cel mai recent&nbsp;Barometru al Industriei&nbsp;de la Federa\u021bia European\u0103 a Asocia\u021biilor de Consultan\u021b\u0103 \u00een Inginerie (EFCA) arat\u0103 c\u0103 ultimele 6 luni&#46;&#46;&#46;<\/p>\n","protected":false},"author":1,"featured_media":0,"comment_status":"closed","ping_status":"closed","sticky":false,"template":"","format":"standard","meta":{"_bbp_topic_count":0,"_bbp_reply_count":0,"_bbp_total_topic_count":0,"_bbp_total_reply_count":0,"_bbp_voice_count":0,"_bbp_anonymous_reply_count":0,"_bbp_topic_count_hidden":0,"_bbp_reply_count_hidden":0,"_bbp_forum_subforum_count":0},"categories":[1],"tags":[],"_links":{"self":[{"href":"https:\/\/aric.org.ro\/index.php?rest_route=\/wp\/v2\/posts\/1443"}],"collection":[{"href":"https:\/\/aric.org.ro\/index.php?rest_route=\/wp\/v2\/posts"}],"about":[{"href":"https:\/\/aric.org.ro\/index.php?rest_route=\/wp\/v2\/types\/post"}],"author":[{"embeddable":true,"href":"https:\/\/aric.org.ro\/index.php?rest_route=\/wp\/v2\/users\/1"}],"replies":[{"embeddable":true,"href":"https:\/\/aric.org.ro\/index.php?rest_route=%2Fwp%2Fv2%2Fcomments&post=1443"}],"version-history":[{"count":2,"href":"https:\/\/aric.org.ro\/index.php?rest_route=\/wp\/v2\/posts\/1443\/revisions"}],"predecessor-version":[{"id":1447,"href":"https:\/\/aric.org.ro\/index.php?rest_route=\/wp\/v2\/posts\/1443\/revisions\/1447"}],"wp:attachment":[{"href":"https:\/\/aric.org.ro\/index.php?rest_route=%2Fwp%2Fv2%2Fmedia&parent=1443"}],"wp:term":[{"taxonomy":"category","embeddable":true,"href":"https:\/\/aric.org.ro\/index.php?rest_route=%2Fwp%2Fv2%2Fcategories&post=1443"},{"taxonomy":"post_tag","embeddable":true,"href":"https:\/\/aric.org.ro\/index.php?rest_route=%2Fwp%2Fv2%2Ftags&post=1443"}],"curies":[{"name":"wp","href":"https:\/\/api.w.org\/{rel}","templated":true}]}}