{"id":1603,"date":"2025-05-20T10:33:21","date_gmt":"2025-05-20T10:33:21","guid":{"rendered":"https:\/\/aric.org.ro\/?p=1603"},"modified":"2025-05-20T10:33:22","modified_gmt":"2025-05-20T10:33:22","slug":"conferinta-efca-2025","status":"publish","type":"post","link":"https:\/\/aric.org.ro\/?p=1603","title":{"rendered":"CONFERINTA EFCA 2025"},"content":{"rendered":"\n<p>In perioada 15-16 mai a avut loc la Luxemburg Conferinta anuala a EFCA 2025. Anul acesta, conferinta a fost organizata in parteneriat cu asocaciatia Inginerilor si Arhitectilor din Luxemburg \u2013 OAI, cu Consiliul Arhitectilor din Europa si cu Consiliul European al Camerelor Inginerilor.&nbsp;&nbsp;&nbsp; Principala si a avut ca tema \u201cParteneriatul dintre ingineri si arhitecti pentru o proiectare rezilienta \u2013 criterii de calitata pentru mediul construit prin NEW EUROPEAN BAUHAUS\u201d.<\/p>\n\n\n\n<p>\u00cen ultimii ani, datorit\u0103 \u00een special stilului New European Bauhaus, a existat o con\u0219tientizare politic\u0103 tot mai mare a contribu\u021biei pozitive pe care un mediu construit de \u00eenalt\u0103 calitate o poate aduce binelui comun. New European Bauhaus ne invit\u0103 \u00een mod colectiv s\u0103 ne reimagin\u0103m spa\u021biile de locuit pentru a le face mai sustenabile, incluzive \u0219i frumoase \u0219i pentru a crea condi\u021bii favorabile tranzi\u021biei verzi. De asemenea, promoveaz\u0103 o mai mare colaborare \u00eentre p\u0103r\u021bile interesate din sectorul cl\u0103dirilor \u0219i construc\u021biilor, subliniind pe bun\u0103 dreptate c\u0103 o abordare transdisciplinar\u0103 este o condi\u021bie prealabil\u0103 pentru locuri de \u00eenalt\u0103 calitate. Serviciile intelectuale ale arhitec\u021bilor \u0219i inginerilor consultan\u021bi joac\u0103 un rol central \u00een planificarea \u0219i proiectarea mediului nostru construit &#8211; de la cl\u0103diri la spa\u021bii publice \u0219i infrastructur\u0103. Prin urmare, serviciile pe care le ofer\u0103 contribuie semnificativ la interesul public.<\/p>\n\n\n\n<p>In cadrul Adunarii Generale a EFCA care s-a tinut pe 16 mai, dna. Ines Ferguson a fost realeasa in functia de Presedinte al EFCA pentru un mandat de 3 ani.<\/p>\n\n\n\n<p>La Conferinta si Adunarea Generala, ARIC a fost reprezentata de dl. Presedinte al ARIC, Dinu Popescu si de dna. Ioana Dragan, vicepresedinte ARIC si membru al Comitetului Director al EFCA.<\/p>\n\n\n\n<figure class=\"wp-block-image size-full\"><a href=\"https:\/\/aric.org.ro\/wp-content\/uploads\/2025\/05\/image.png\"><img decoding=\"async\" loading=\"lazy\" width=\"975\" height=\"731\" src=\"https:\/\/aric.org.ro\/wp-content\/uploads\/2025\/05\/image.png\" alt=\"\" class=\"wp-image-1604\" srcset=\"https:\/\/aric.org.ro\/wp-content\/uploads\/2025\/05\/image.png 975w, https:\/\/aric.org.ro\/wp-content\/uploads\/2025\/05\/image-300x225.png 300w, https:\/\/aric.org.ro\/wp-content\/uploads\/2025\/05\/image-768x576.png 768w\" sizes=\"(max-width: 975px) 100vw, 975px\" \/><\/a><\/figure>\n\n\n\n<figure class=\"wp-block-image size-full\"><a href=\"https:\/\/aric.org.ro\/wp-content\/uploads\/2025\/05\/image-1.png\"><img decoding=\"async\" loading=\"lazy\" width=\"975\" height=\"739\" src=\"https:\/\/aric.org.ro\/wp-content\/uploads\/2025\/05\/image-1.png\" alt=\"\" class=\"wp-image-1605\" srcset=\"https:\/\/aric.org.ro\/wp-content\/uploads\/2025\/05\/image-1.png 975w, https:\/\/aric.org.ro\/wp-content\/uploads\/2025\/05\/image-1-300x227.png 300w, https:\/\/aric.org.ro\/wp-content\/uploads\/2025\/05\/image-1-768x582.png 768w\" sizes=\"(max-width: 975px) 100vw, 975px\" \/><\/a><\/figure>\n\n\n\n<figure class=\"wp-block-image size-full\"><a href=\"https:\/\/aric.org.ro\/wp-content\/uploads\/2025\/05\/image-2.png\"><img decoding=\"async\" loading=\"lazy\" width=\"975\" height=\"731\" src=\"https:\/\/aric.org.ro\/wp-content\/uploads\/2025\/05\/image-2.png\" alt=\"\" class=\"wp-image-1606\" srcset=\"https:\/\/aric.org.ro\/wp-content\/uploads\/2025\/05\/image-2.png 975w, https:\/\/aric.org.ro\/wp-content\/uploads\/2025\/05\/image-2-300x225.png 300w, https:\/\/aric.org.ro\/wp-content\/uploads\/2025\/05\/image-2-768x576.png 768w\" sizes=\"(max-width: 975px) 100vw, 975px\" \/><\/a><\/figure>\n\n\n\n<figure class=\"wp-block-image size-full\"><a href=\"https:\/\/aric.org.ro\/wp-content\/uploads\/2025\/05\/image-3.png\"><img decoding=\"async\" loading=\"lazy\" width=\"975\" height=\"731\" src=\"https:\/\/aric.org.ro\/wp-content\/uploads\/2025\/05\/image-3.png\" alt=\"\" class=\"wp-image-1607\" srcset=\"https:\/\/aric.org.ro\/wp-content\/uploads\/2025\/05\/image-3.png 975w, https:\/\/aric.org.ro\/wp-content\/uploads\/2025\/05\/image-3-300x225.png 300w, https:\/\/aric.org.ro\/wp-content\/uploads\/2025\/05\/image-3-768x576.png 768w\" sizes=\"(max-width: 975px) 100vw, 975px\" \/><\/a><\/figure>\n","protected":false},"excerpt":{"rendered":"<p>In perioada 15-16 mai a avut loc la Luxemburg Conferinta anuala a EFCA 2025. Anul acesta, conferinta a fost organizata in parteneriat cu asocaciatia Inginerilor si Arhitectilor din Luxemburg \u2013 OAI, cu Consiliul Arhitectilor&#46;&#46;&#46;<\/p>\n","protected":false},"author":1,"featured_media":0,"comment_status":"closed","ping_status":"closed","sticky":false,"template":"","format":"standard","meta":{"_bbp_topic_count":0,"_bbp_reply_count":0,"_bbp_total_topic_count":0,"_bbp_total_reply_count":0,"_bbp_voice_count":0,"_bbp_anonymous_reply_count":0,"_bbp_topic_count_hidden":0,"_bbp_reply_count_hidden":0,"_bbp_forum_subforum_count":0},"categories":[1],"tags":[],"_links":{"self":[{"href":"https:\/\/aric.org.ro\/index.php?rest_route=\/wp\/v2\/posts\/1603"}],"collection":[{"href":"https:\/\/aric.org.ro\/index.php?rest_route=\/wp\/v2\/posts"}],"about":[{"href":"https:\/\/aric.org.ro\/index.php?rest_route=\/wp\/v2\/types\/post"}],"author":[{"embeddable":true,"href":"https:\/\/aric.org.ro\/index.php?rest_route=\/wp\/v2\/users\/1"}],"replies":[{"embeddable":true,"href":"https:\/\/aric.org.ro\/index.php?rest_route=%2Fwp%2Fv2%2Fcomments&post=1603"}],"version-history":[{"count":1,"href":"https:\/\/aric.org.ro\/index.php?rest_route=\/wp\/v2\/posts\/1603\/revisions"}],"predecessor-version":[{"id":1611,"href":"https:\/\/aric.org.ro\/index.php?rest_route=\/wp\/v2\/posts\/1603\/revisions\/1611"}],"wp:attachment":[{"href":"https:\/\/aric.org.ro\/index.php?rest_route=%2Fwp%2Fv2%2Fmedia&parent=1603"}],"wp:term":[{"taxonomy":"category","embeddable":true,"href":"https:\/\/aric.org.ro\/index.php?rest_route=%2Fwp%2Fv2%2Fcategories&post=1603"},{"taxonomy":"post_tag","embeddable":true,"href":"https:\/\/aric.org.ro\/index.php?rest_route=%2Fwp%2Fv2%2Ftags&post=1603"}],"curies":[{"name":"wp","href":"https:\/\/api.w.org\/{rel}","templated":true}]}}