{"id":1626,"date":"2025-07-01T10:48:29","date_gmt":"2025-07-01T10:48:29","guid":{"rendered":"https:\/\/aric.org.ro\/?p=1626"},"modified":"2025-07-01T10:48:29","modified_gmt":"2025-07-01T10:48:29","slug":"barometrul-efca-primavara-2025","status":"publish","type":"post","link":"https:\/\/aric.org.ro\/?p=1626","title":{"rendered":"BAROMETRUL EFCA PRIMAVARA 2025"},"content":{"rendered":"\n<p>Barometrul EFCA Primavara 2025 a fost publicat.<\/p>\n\n\n\n<p>\u00cen ciuda unui peisaj economic \u00een schimbare, sectorul european de consultan\u021b\u0103 \u00een inginerie r\u0103m\u00e2ne rezilient \u0219i stabil, cu performan\u021be puternice \u00een domeniul energiei \u0219i infrastructurii. Cel mai recent barometru al nostru dezv\u0103luie:<\/p>\n\n\n\n<ul>\n<li>Stoc solid de comenzi la 8,4 luni<\/li>\n\n\n\n<li>Profitabilitatea se men\u021bine puternic\u0103 la 7,2%<\/li>\n<\/ul>\n\n\n\n<p>Sectoarele energiei \u0219i transporturilor conduc cre\u0219terea pie\u021bei<\/p>\n\n\n\n<ul>\n<li>Deficitul de personal \u0219i incertitudinea politic\u0103 r\u0103m\u00e2n principalele provoc\u0103ri<\/li>\n<\/ul>\n\n\n\n<p>\u00cen timp ce cre\u0219terea ocup\u0103rii for\u021bei de munc\u0103 s-a temperat, perspectivele pentru urm\u0103toarele \u0219ase luni sunt pozitive, multe \u021b\u0103ri a\u0219tept\u00e2ndu-se la niveluri stabile sau \u00een cre\u0219tere ale personalului.<\/p>\n\n\n\n<p>Aceast\u0103 edi\u021bie prezint\u0103, de asemenea, noi perspective pe sectoare, reflect\u00e2nd tendin\u021bele \u0219i priorit\u0103\u021bile regionale din \u00eentreaga Europ\u0103.<\/p>\n\n\n\n<p>Henrik Garver, pre\u0219edintele Comitetului pentru mediu economic al EFCA, constat\u0103:<\/p>\n\n\n\n<p>&#8220;De la tranzi\u021bia energetic\u0103 la rezilien\u021ba la schimb\u0103rile climatice, sectorul nostru continu\u0103 s\u0103 joace un rol vital \u00een viitorul Europei. Barometrul ne ajut\u0103 s\u0103 \u00een\u021belegem cum evolu\u0103m \u0219i \u00eencotro ne \u00eendrept\u0103m.&#8221;<\/p>\n\n\n\n<p>Citi\u021bi raportul complet aici: <a href=\"https:\/\/bit.ly\/3SW7GV5?fbclid=IwZXh0bgNhZW0CMTAAYnJpZBEwMjY1R0xybUN4bFJERG1weQEe5f2G8YY_L-HYeIs13wQalAft2ZeOthO48X-3j5PYcCJSMAOxjXbSr6NIsk0_aem_q-yGcTIg1Cv1YVofKLCn8Q\" target=\"_blank\" rel=\"noreferrer noopener\"><strong>http:\/\/bit.ly\/3SW7GV5<\/strong><\/a><\/p>\n\n\n\n<p>Comunicatul de pres\u0103 al EFCA privind publicarea barometrului: <a rel=\"noreferrer noopener\" href=\"https:\/\/l.facebook.com\/l.php?u=https%3A%2F%2Fbit.ly%2F4n06HAO%3Ffbclid%3DIwZXh0bgNhZW0CMTAAYnJpZBEwMjY1R0xybUN4bFJERG1weQEei2AHJ_93RzA3NL7uODIkWNU8w59Kz5W1K5aDfqgYA21DVskwNqJSfsK8PrM_aem_Br_TD5edhyyIgF54oNbpDw&amp;h=AT0QKSkXUAcLeYnHRlVAk64VPZpLPtz1jzb07p3o1DYku2v9XVaBfBvOzgtIz7LvT3rRo1fQxg718WUmI_kAhrV4GdEyXUcEr19ezMEDnbPrrVX8OgaIWy0UD821GWd7wOwMFRXjuyaApblKS_BihP5WKmuTpg&amp;__tn__=-UK-R&amp;c%5b0%5d=AT09mHfUjPMAFFZ5fA17KDst-IXlTiwILhW5GudzVNkCApVJeKS406dopk-fRqogLctMc8MNfy2jo5FJxtT8_WAgaSQoa58FzE3djBZuuIEAkBhHDWGul_lSnxBrgeAHCghnfaU3tjUhiJ6u64VPoX2Fiz59DjI6g7iceuKNXcbkbeCVsusIq-Hc6IWKAI2iTA\" target=\"_blank\"><strong>https:\/\/bit.ly\/4n06HAO<\/strong><\/a><\/p>\n\n\n\n<p><\/p>\n\n\n\n<figure class=\"wp-block-image size-large\"><a href=\"https:\/\/aric.org.ro\/wp-content\/uploads\/2025\/07\/image.png\"><img decoding=\"async\" loading=\"lazy\" width=\"724\" height=\"1024\" src=\"https:\/\/aric.org.ro\/wp-content\/uploads\/2025\/07\/image-724x1024.png\" alt=\"\" class=\"wp-image-1627\" srcset=\"https:\/\/aric.org.ro\/wp-content\/uploads\/2025\/07\/image-724x1024.png 724w, https:\/\/aric.org.ro\/wp-content\/uploads\/2025\/07\/image-212x300.png 212w, https:\/\/aric.org.ro\/wp-content\/uploads\/2025\/07\/image-768x1086.png 768w, https:\/\/aric.org.ro\/wp-content\/uploads\/2025\/07\/image.png 955w\" sizes=\"(max-width: 724px) 100vw, 724px\" \/><\/a><\/figure>\n\n\n\n<p><\/p>\n","protected":false},"excerpt":{"rendered":"<p>Barometrul EFCA Primavara 2025 a fost publicat. \u00cen ciuda unui peisaj economic \u00een schimbare, sectorul european de consultan\u021b\u0103 \u00een inginerie r\u0103m\u00e2ne rezilient \u0219i stabil, cu performan\u021be puternice \u00een domeniul energiei \u0219i infrastructurii. Cel mai&#46;&#46;&#46;<\/p>\n","protected":false},"author":1,"featured_media":0,"comment_status":"closed","ping_status":"closed","sticky":false,"template":"","format":"standard","meta":{"_bbp_topic_count":0,"_bbp_reply_count":0,"_bbp_total_topic_count":0,"_bbp_total_reply_count":0,"_bbp_voice_count":0,"_bbp_anonymous_reply_count":0,"_bbp_topic_count_hidden":0,"_bbp_reply_count_hidden":0,"_bbp_forum_subforum_count":0},"categories":[1],"tags":[],"_links":{"self":[{"href":"https:\/\/aric.org.ro\/index.php?rest_route=\/wp\/v2\/posts\/1626"}],"collection":[{"href":"https:\/\/aric.org.ro\/index.php?rest_route=\/wp\/v2\/posts"}],"about":[{"href":"https:\/\/aric.org.ro\/index.php?rest_route=\/wp\/v2\/types\/post"}],"author":[{"embeddable":true,"href":"https:\/\/aric.org.ro\/index.php?rest_route=\/wp\/v2\/users\/1"}],"replies":[{"embeddable":true,"href":"https:\/\/aric.org.ro\/index.php?rest_route=%2Fwp%2Fv2%2Fcomments&post=1626"}],"version-history":[{"count":1,"href":"https:\/\/aric.org.ro\/index.php?rest_route=\/wp\/v2\/posts\/1626\/revisions"}],"predecessor-version":[{"id":1628,"href":"https:\/\/aric.org.ro\/index.php?rest_route=\/wp\/v2\/posts\/1626\/revisions\/1628"}],"wp:attachment":[{"href":"https:\/\/aric.org.ro\/index.php?rest_route=%2Fwp%2Fv2%2Fmedia&parent=1626"}],"wp:term":[{"taxonomy":"category","embeddable":true,"href":"https:\/\/aric.org.ro\/index.php?rest_route=%2Fwp%2Fv2%2Fcategories&post=1626"},{"taxonomy":"post_tag","embeddable":true,"href":"https:\/\/aric.org.ro\/index.php?rest_route=%2Fwp%2Fv2%2Ftags&post=1626"}],"curies":[{"name":"wp","href":"https:\/\/api.w.org\/{rel}","templated":true}]}}