{"id":374,"date":"2014-12-16T10:34:45","date_gmt":"2014-12-16T10:34:45","guid":{"rendered":"http:\/\/www.aric.org.ro\/?p=374"},"modified":"2026-04-24T10:55:03","modified_gmt":"2026-04-24T10:55:03","slug":"stiri","status":"publish","type":"post","link":"https:\/\/aric.org.ro\/?p=374","title":{"rendered":"STIRI"},"content":{"rendered":"<table style=\"width: 100%;\">\n<colgroup>\n<col style=\"width: 481px;\">\n<col style=\"width: 480px;\"> <\/colgroup>\n<tbody>\n<tr>\n<td style=\"vertical-align: top;\"><a href=\"?p=1672\"><img decoding=\"async\" loading=\"lazy\" class=\"size-full wp-image-1037 alignleft\" src=\"\/wp-content\/uploads\/2026\/04\/tobolcea_news.jpg\" width=\"276\" height=\"120\" data-id=\"1037\"><\/a><\/td>\n<td style=\"text-align: left; vertical-align: top;\"><a href=\"\/?p=1672\"><strong>COSMIN TOBOLCEA \u2014 NOUL PRE\u0218EDINTE AL ARIC PENTRU MANDATUL 2026\u20132030<\/strong><\/a> 24\/04\/2026<br \/>\nCu deosebit\u0103 pl\u0103cere v\u0103 anun\u021b\u0103m c\u0103, \u00een cadrul Adun\u0103rii Generale a ARIC desf\u0103\u0219urate ieri, dl. Cosmin Tobolcea a fost ales Pre\u0219edinte al asocia\u021biei pentru un mandat de 4 ani. [&#8230;]<\/td>\n<\/tr>\n<tr>\n<td style=\"vertical-align: top;\"><a href=\"?p=1660\"><img decoding=\"async\" loading=\"lazy\" class=\"size-full wp-image-1037 alignleft\" src=\"\/wp-content\/uploads\/2025\/11\/bthumb.jpg\" width=\"276\" height=\"120\" data-id=\"1037\"><\/a><\/td>\n<td style=\"text-align: left; vertical-align: top;\"><a href=\"\/?p=1660\"><strong>BAROMETRUL DE TOAMNA 2025<\/strong><\/a> 21\/11\/2025<br \/>\nEFCA public\u0103 Barometrul din toamna anului 2025: Sectorul ingineriei de consultan\u021b\u0103 din Europa arat\u0103 rezilien\u021b\u0103 [&#8230;]<\/td>\n<\/tr>\n<tr>\n<td style=\"vertical-align: top;\"><a href=\"?p=1639\"><img decoding=\"async\" loading=\"lazy\" class=\"size-full wp-image-1037 alignleft\" src=\"\/wp-content\/uploads\/2025\/10\/thumb0610.jpg\" width=\"276\" height=\"120\" data-id=\"1037\"><\/a><\/td>\n<td style=\"text-align: left; vertical-align: top;\"><a href=\"\/?p=1639\"><strong>PARTICIPAREA ARIC LA CONFERIN\u021aA GLOBAL\u0102 DE INFRASTRUCTUR\u0102 FIDIC 2025<\/strong><\/a> 06\/10\/2025<br \/>\nVicepre\u0219edin\u021bii ARIC, Diana Cocias \u0219i Cosmin Tobolcea, au reprezentat asocia\u021bia la cel mai \u00eenalt nivel \u00een cadrul FIDIC Global Infrastructure Conference 2025 [&#8230;]<\/td>\n<\/tr>\n<tr>\n<td style=\"vertical-align: top;\"><a href=\"?p=1626\"><img decoding=\"async\" loading=\"lazy\" class=\"size-full wp-image-1037 alignleft\" src=\"\/wp-content\/uploads\/2025\/07\/logostire01iul.jpg\" width=\"276\" height=\"120\" data-id=\"1037\"><\/a><\/td>\n<td style=\"text-align: left; vertical-align: top;\"><a href=\"\/?p=1626\"><strong>BAROMETRUL EFCA PRIMAVARA 2025<\/strong><\/a> 20\/06\/2025<br \/>\nBarometrul EFCA Primavara 2025 a fost publicat.<br \/>\n\u00cen ciuda unui peisaj economic \u00een schimbare, sectorul european de consultan\u021b\u0103 \u00een inginerie [&#8230;]<\/td>\n<\/tr>\n<tr>\n<td style=\"vertical-align: top;\"><a href=\"?p=1612\"><img decoding=\"async\" loading=\"lazy\" class=\"size-full wp-image-1037 alignleft\" src=\"\/wp-content\/uploads\/2025\/05\/logostire22may.jpg\" width=\"276\" height=\"120\" data-id=\"1037\"><\/a><\/td>\n<td style=\"text-align: left; vertical-align: top;\"><a href=\"\/?p=1612\"><strong>DECLARATIA DE LA LUXEMBURG PRIVIND ACHIZITIILE PUBLICE<\/strong><\/a> 22\/05\/2025<br \/>\nAdoptat\u0103 imediat dup\u0103 \u00eencheierea conferin\u021bei EFCA 2025 de saptamana trecuta, \u201eArhitec\u021bi + Ingineri: Parteneriat pentru Proiectarea Rezilienta\u201d[&#8230;]<\/td>\n<\/tr>\n<tr>\n<td style=\"vertical-align: top;\"><a href=\"?p=1603\"><img decoding=\"async\" loading=\"lazy\" class=\"size-full wp-image-1037 alignleft\" src=\"\/wp-content\/uploads\/2025\/05\/logostire20may.png\" width=\"276\" height=\"120\" data-id=\"1037\"><\/a><\/td>\n<td style=\"text-align: left; vertical-align: top;\"><a href=\"\/?p=1603\"><strong>CONFERINTA EFCA 2025<\/strong><\/a> 19\/05\/2025<br \/>\nIn perioada 15-16 mai a avut loc la Luxemburg Conferinta anuala a EFCA 2025. Anul acesta, conferinta a fost organizata in parteneriat cu asocaciatia Inginerilor si Arhitectilor din Luxemburg [&#8230;]<\/td>\n<\/tr>\n<tr>\n<td style=\"vertical-align: top;\"><a href=\"?p=1592\"><img decoding=\"async\" loading=\"lazy\" class=\"size-full wp-image-1037 alignleft\" src=\"\/wp-content\/uploads\/2025\/03\/nws.png\" width=\"276\" height=\"120\" data-id=\"1037\"><\/a><\/td>\n<td style=\"text-align: left; vertical-align: top;\"><a href=\"\/?p=1592\"><strong>PROTOCOL DE COLABORARE ARIC \u2013 CNIR &#8211; COMPANIA NATIONALA DE INVESTII RUTIERE<\/strong><\/a> 11\/11\/2024<br \/>\nARIC si Compania Na\u021bional\u0103 de Investi\u021bii Rutiere au semnat in februarie un protocol de colaborare \u00een vederea realiz\u0103rii unei documenta\u021bii de atribuire standardizate pentru contractarea serviciilor de [&#8230;]<\/td>\n<\/tr>\n<tr>\n<td style=\"vertical-align: top;\"><a href=\"?p=1568\"><img decoding=\"async\" loading=\"lazy\" class=\"size-full wp-image-1037 alignleft\" src=\"\/wp-content\/uploads\/2024\/11\/logostire04nov.jpg\" width=\"276\" height=\"120\" data-id=\"1037\"><\/a><\/td>\n<td style=\"text-align: left; vertical-align: top;\"><a href=\"\/?p=1568\"><strong>ALEGEREA DNEI IOANA DRAGAN CA VICEPRESEDINTE AL EFCA<\/strong><\/a> 04\/11\/2024<br \/>\nIn data de 31 octombrie 2024 a avut loc la online Adunarea Generala Extraodrdinara a EFCA , ocazie cu care doamna Ioana Dragan a fost aleasa in functia de Vicepresedinte pentru un mandat de 3 ani.[&#8230;]<\/td>\n<\/tr>\n<tr>\n<td style=\"vertical-align: top;\"><a href=\"?p=1556\"><img decoding=\"async\" loading=\"lazy\" class=\"size-full wp-image-1037 alignleft\" src=\"\/wp-content\/uploads\/2024\/09\/logostire12sep2024.jpg\" width=\"276\" height=\"120\" data-id=\"1037\"><\/a><\/td>\n<td style=\"text-align: left; vertical-align: top;\"><a href=\"\/?p=1556\"><strong>ALEGEREA DLUI. COSMIN TOBOLCEA CA MEMBRU IN COMITETUL DIRECTOR AL FIDIC<\/strong><\/a> 12\/09\/2024<br \/>\nNe face o deosebita placere sa va anuntam ca ieri, in cadrul Adunarii Generale a FIDIC de la Geneva, dl. Cosmin Tobolcea, vicepresedinte al ARIC, a fost ales ca membru in Comitetul Director al FIDIC [&#8230;]<\/td>\n<\/tr>\n<tr>\n<td style=\"vertical-align: top;\"><a href=\"?p=1545\"><img decoding=\"async\" loading=\"lazy\" class=\"size-full wp-image-1037 alignleft\" src=\"\/wp-content\/uploads\/2014\/12\/2iulie.jpg\" width=\"276\" height=\"120\" data-id=\"1037\"><\/a><\/td>\n<td style=\"text-align: left; vertical-align: top;\"><a href=\"\/?p=1545\"><strong>Amendamente ARIC OUG modificare L.98\/2016 si L. 99\/2016<\/strong><\/a> 08\/07\/2024<br \/>\nARIC a inaintat in 14 iunie 2024 catre Ministerul Transporturilor urm\u0103toarele amendamente la actul normativ propus \u00een cadrul procedurii de consultare public\u0103 [&#8230;]<\/td>\n<\/tr>\n<tr>\n<td style=\"vertical-align: top;\"><a href=\"?p=1542\"><img decoding=\"async\" loading=\"lazy\" class=\"size-full wp-image-1037 alignleft\" src=\"\/wp-content\/uploads\/2014\/12\/2iulie.jpg\" width=\"276\" height=\"120\" data-id=\"1037\"><\/a><\/td>\n<td style=\"text-align: left; vertical-align: top;\"><a href=\"\/?p=1542\"><strong>ARIC: Este necesar un model de contract reglementat pentru serviciile de consultanta Arhitectura &amp; Proiectare<\/strong><\/a> 08\/07\/2024<br \/>\nPretul serviciilor prestate de catre companiile de proiectare si supervizare a lucrarilor de infrastructura, regulile total absurde privind actualizarea\/ indexarea serviciilor [&#8230;]<\/td>\n<\/tr>\n<tr>\n<td style=\"vertical-align: top;\"><a href=\"?p=1533\"><img decoding=\"async\" loading=\"lazy\" class=\"size-full wp-image-1037 alignleft\" src=\"\/wp-content\/uploads\/2024\/05\/ioana_dragan.jpg\" width=\"276\" height=\"120\" data-id=\"1037\"><\/a><\/td>\n<td style=\"text-align: left; vertical-align: top;\"><a href=\"\/?p=1533\"><strong>Alegerea doamnei Ioana Dragan in Comitetul Director al EFCA<\/strong><\/a> 27\/05\/2024<br \/>\nIn data de 24 mai 20224 a avut loc la Madrid Adunarea Generala a EFCA &#8211; Federatiei Europene a Asociatiilor de Consultanta. [&#8230;]<\/td>\n<\/tr>\n<tr>\n<td style=\"vertical-align: top;\"><a href=\"?p=1521\"><img decoding=\"async\" loading=\"lazy\" class=\"size-full wp-image-1037 alignleft\" src=\"\/wp-content\/uploads\/2024\/04\/aric25ban.jpg\" width=\"276\" height=\"120\" data-id=\"1037\"><\/a><\/td>\n<td style=\"text-align: left; vertical-align: top;\"><a href=\"\/?p=1521\"><strong>Comunicat post-event<\/strong><\/a> 19\/04\/2024<br \/>\nARIC a organizat ieri, 18 aprilie, o Conferin\u021b\u0103 aniversar\u0103 la hotel Novotel Bucure\u0219ti pentru a celebra 25 de ani de la \u00eenfiin\u0163are. [&#8230;]<\/td>\n<\/tr>\n<tr>\n<td style=\"vertical-align: top;\"><a href=\"?p=1507\"><img decoding=\"async\" loading=\"lazy\" class=\"size-full wp-image-1037 alignleft\" src=\"\/wp-content\/uploads\/2024\/03\/04032024.jpg\" width=\"276\" height=\"120\" data-id=\"1037\"><\/a><\/td>\n<td style=\"text-align: left; vertical-align: top;\"><a href=\"\/?p=1507\"><strong>Parlamentul European aproba sprijinul bugetar cheie pentru Ucraina si UE<\/strong><\/a> 04\/03\/2024<br \/>\nParlamentul European a aprobat marti, 27 februarie, revizuirea bugetului pe termen lung al UE \u2013 cadrul financiar multiannual \u2013 MFF. Aceasta include facilitatea de 50 miliarde euro pentru Ucraina [&#8230;]<\/td>\n<\/tr>\n<tr>\n<td style=\"vertical-align: top;\"><a href=\"?p=1495\"><img decoding=\"async\" loading=\"lazy\" class=\"size-full wp-image-1037 alignleft\" src=\"\/wp-content\/uploads\/2014\/12\/2iulie.jpg\" width=\"276\" height=\"120\" data-id=\"1037\"><\/a><\/td>\n<td style=\"text-align: left; vertical-align: top;\"><a href=\"\/?p=1495\"><strong>Participarea ARIC la Conferinta \u201cItaly &amp; Romania: Building Together-Health Infrastructure\u201d<\/strong><\/a> 16\/11\/2023<br \/>\nPresedintele ARIC, dl. Dinu Popescu a participat pe 14 noiembrie la Conferinta \u201cItaly &amp; Romania: Building Together-Health Infrastructure\u201d cu accent pe infrastructura spitaliceasc\u0103 \u0219i echipamentele aferente. [&#8230;]<\/td>\n<\/tr>\n<tr>\n<td style=\"vertical-align: top;\"><a href=\"?p=1477\"><img decoding=\"async\" loading=\"lazy\" class=\"size-full wp-image-1037 alignleft\" src=\"\/wp-content\/uploads\/2023\/09\/thumb.png\" width=\"276\" height=\"120\" data-id=\"1037\"><\/a><\/td>\n<td style=\"text-align: left; vertical-align: top;\"><a href=\"\/?p=1477\"><strong>Participarea dlui Cosmin Tobolcea \u2013 Vicepresedinte al ARIC la Conferinta Globala de Infrastructura FIDIC 2023<\/strong><\/a> 21\/09\/2023<br \/>\nConferinta Globala de Infrastructura FIDIC 2023, care a avut loc anul acesta in Singapore, s-a incheiat, marcand inca un capitol [&#8230;]<\/td>\n<\/tr>\n<tr>\n<td style=\"vertical-align: top;\"><a href=\"?p=1471\"><img decoding=\"async\" loading=\"lazy\" class=\"size-full wp-image-1037 alignleft\" src=\"\/wp-content\/uploads\/2014\/12\/2iulie.jpg\" width=\"276\" height=\"120\" data-id=\"1037\"><\/a><\/td>\n<td style=\"text-align: left; vertical-align: top;\"><a href=\"\/?p=1471\"><strong>Sunt foarte putine proiecte in executie din Perioada de finantare 2021-2027<\/strong><\/a> 18\/07\/2023<br \/>\nFinantarile prevazute pentru exercitiul financiar 2021-2027 presupun o dezvoltare fara precedent a proiectelor si lucrarilor de infrastructura in Romania[&#8230;]<\/td>\n<\/tr>\n<tr>\n<td style=\"vertical-align: top;\"><a href=\"?p=1466\"><img decoding=\"async\" loading=\"lazy\" class=\"size-full wp-image-1037 alignleft\" src=\"\/wp-content\/uploads\/2023\/07\/ct.jpg\" width=\"276\" height=\"120\" data-id=\"1037\"><\/a><\/td>\n<td style=\"text-align: left; vertical-align: top;\"><a href=\"\/?p=1466\"><strong>Alegerea domnului Cosmin Tobolcea \u00een Consiliul Director de Certificare al FIDIC<\/strong><\/a> 10\/07\/2023<br \/>\nCosmin Tobolcea, vicepre\u0219edinte ARIC, director general al firmei de proiectare \u0219i supervizare PROTOBY[&#8230;]<\/td>\n<\/tr>\n<tr>\n<td style=\"vertical-align: top;\"><a href=\"?p=1458\"><img decoding=\"async\" loading=\"lazy\" class=\"size-full wp-image-1037 alignleft\" src=\"\/wp-content\/uploads\/2023\/06\/p1.png\" alt=\"\" width=\"276\" height=\"120\" data-id=\"1037\"><\/a><\/td>\n<td style=\"text-align: left; vertical-align: top;\"><a href=\"\/?p=1458\"><strong>Conferinta EFCA, Roma, 2023<\/strong><\/a> 15\/06\/2023<br \/>\nEvenimentele s-au desfasurat pe parcursul a doua zile (31 Mai si 1 iunie 2023). ARIC a fost reprezentata prin Dl. Dinu Popescu, Presedinte ARIC si Dna Ioana Dragan, Vice-Presedinte [&#8230;]<\/td>\n<\/tr>\n<tr>\n<td style=\"vertical-align: top;\"><a href=\"?p=1443\"><img decoding=\"async\" loading=\"lazy\" class=\"size-full wp-image-1037 alignleft\" src=\"\/wp-content\/uploads\/2014\/12\/2iulie.jpg\" alt=\"\" width=\"276\" height=\"120\" data-id=\"1037\"><\/a><\/td>\n<td style=\"text-align: left; vertical-align: top;\"><a href=\"\/?p=1443\"><strong>BAROMETRUL EFCA TOAMNA 2022<\/strong><\/a> 22\/11\/2022<br \/>\nSemne c\u0103 pie\u021bele europene de consultan\u021b\u0103 \u00een inginerie ar putea \u00eencepe s\u0103 se r\u0103ceasc\u0103. Cel mai recent Barometru al Industriei de la Federa\u021bia European\u0103 a Asocia\u021biilor de Consultan\u021b\u0103 \u00een Inginerie (EFCA) arat\u0103 c\u0103 ultimele 6 luni au fost foarte ocupate pentru industria [&#8230;]<\/td>\n<\/tr>\n<tr>\n<td style=\"vertical-align: top;\"><a href=\"?p=1436\"><img decoding=\"async\" loading=\"lazy\" class=\"size-full wp-image-1037 alignleft\" src=\"\/wp-content\/uploads\/2014\/12\/2iulie.jpg\" alt=\"\" width=\"276\" height=\"120\" data-id=\"1037\"><\/a><\/td>\n<td style=\"text-align: left; vertical-align: top;\"><a href=\"\/?p=1436\"><strong>Semnarea Protocolului de Colaborare ARIC \u2013 OICE<\/strong><\/a> 14\/11\/2022<br \/>\nPe 8 noiembrie 2022, in cadrul conferintei &#8220;ITALY&amp;ROMANIA : Building Together&#8221; care a fost organizata la Bucuresti de catre Agentia Italiana de comert exterior &#8211; ICE, s-a semnat un Protocol de Colaborare (Memorandum of Understanding)[&#8230;]<\/td>\n<\/tr>\n<tr>\n<td style=\"vertical-align: top;\"><a href=\"?p=1414\"><img decoding=\"async\" loading=\"lazy\" class=\"size-full wp-image-1037 alignleft\" src=\"\/wp-content\/uploads\/2014\/12\/2iulie.jpg\" alt=\"\" width=\"276\" height=\"120\" data-id=\"1037\"><\/a><\/td>\n<td style=\"text-align: left; vertical-align: top;\"><a href=\"\/?p=1414\"><strong>Participarea ARIC la Conferinta Regionala DRFB de la Cluj, 27-28 octombrie<\/strong><\/a> 03\/11\/2022<br \/>\nARIC a fost partener al Conferintei Regionale Central-Est europeana a DRBF &#8211; Dispute Resolution Board Foundation -, care a avut loc la [&#8230;]<\/td>\n<\/tr>\n<tr>\n<td style=\"vertical-align: top;\"><a href=\"?p=1406\"><img decoding=\"async\" loading=\"lazy\" class=\"size-full wp-image-1037 alignleft\" src=\"\/wp-content\/uploads\/2014\/12\/2iulie.jpg\" alt=\"\" width=\"276\" height=\"120\" data-id=\"1037\"><\/a><\/td>\n<td style=\"text-align: left; vertical-align: top;\"><a href=\"\/?p=1406\"><strong>INTERVIUL PRESEDINTELUI ARIC IN AGENDA CONSTRUCTIILOR<\/strong><\/a> 29\/09\/2022<br \/>\nIn numarul din septembrie 2022 al revistei AGENDA CONSTRUCTIILOR, dl. Dinu Popescu, Presedintele&nbsp; ARIC a acordat un interviu in care a expus viziunea sa asupra dezvoltarii activitatii asociatiei si problemele actuale ale industriei de consultanta [&#8230;]<\/td>\n<\/tr>\n<tr>\n<td style=\"vertical-align: top;\"><a href=\"?p=1394\"><img decoding=\"async\" loading=\"lazy\" class=\"size-full wp-image-1037 alignleft\" src=\"\/wp-content\/uploads\/2014\/12\/2iulie.jpg\" alt=\"\" width=\"276\" height=\"120\" data-id=\"1037\"><\/a><\/td>\n<td style=\"text-align: left; vertical-align: top;\"><a href=\"\/?p=1394\"><strong>PARTICIPAREA ARIC LA CONFERINTA ANUALA FIDIC 2022<\/strong><\/a> 16\/09\/2022<br \/>\nLa conferinta FIDIC 2022 Global Infrastructure Conference: Construirea unui viitor mai bun, investind ast\u0103zi: Dezvoltarea durabil\u0103 a infrastructurii pentru imbunatatirea bunastarii comunitatii[&#8230;]<\/td>\n<\/tr>\n<tr>\n<td style=\"vertical-align: top;\"><a href=\"?p=1380\"><img decoding=\"async\" loading=\"lazy\" class=\"size-full wp-image-1037 alignleft\" src=\"\/wp-content\/uploads\/2014\/12\/2iulie.jpg\" alt=\"\" width=\"276\" height=\"120\" data-id=\"1037\"><\/a><\/td>\n<td style=\"text-align: left; vertical-align: top;\"><a href=\"\/?p=1373\"><strong>SCRISOAREA ASOCIATIEI UCRAINENE ICEG CATRE ARIC<\/strong><\/a> 02\/06\/2022<br \/>\nCa urmare a intalnirii online din data de 19 mai a.c., intre reprezentantii ARIC si cei ai ICEG \u2013 Asociatia Inginerilor din Ucraina, presedintele ARIC, dl. Presedinte Dinu Popescu a primit o scrisoare din partea ICEG care sintetizeza&#8230;]<\/td>\n<\/tr>\n<tr>\n<td style=\"vertical-align: top;\"><a href=\"?p=1373\"><img decoding=\"async\" loading=\"lazy\" class=\"size-full wp-image-1037 alignleft\" src=\"\/wp-content\/uploads\/2014\/12\/2iulie.jpg\" alt=\"\" width=\"276\" height=\"120\" data-id=\"1037\"><\/a><\/td>\n<td style=\"text-align: left; vertical-align: top;\"><a href=\"\/?p=1373\"><strong>NOUA CONDUCERE ARIC <\/strong><\/a> 18\/05\/2022<br \/>\nIn cadrul Adun\u0103rii Generale Ordinare a Asocia\u021biei Rom\u00e2ne a Inginerilor Consultan\u021bi desf\u0103\u0219urat\u0103 \u00een data de 27 aprilie 2022, au fost ale\u0219i \u00een unanimitate, ca urmare a votului exprimat de c\u0103tre membrii prezen\u021bi [&#8230;]<\/td>\n<\/tr>\n<tr>\n<td style=\"vertical-align: top;\"><a href=\"\/?p=1351\"><img decoding=\"async\" loading=\"lazy\" class=\"size-full wp-image-1037 alignleft\" src=\"\/wp-content\/uploads\/2021\/10\/cosmin.jpg\" alt=\"\" width=\"276\" height=\"120\" data-id=\"1037\"><\/a><\/td>\n<td style=\"text-align: left; vertical-align: top;\"><a href=\"\/?p=1351\"><strong>Cosmin Tobolcea \u2013 vicepresedinte al ARIC \u2013 castigator al premiului FIDIC Future Leaders 2021 <\/strong><\/a> 04\/10\/2021<br \/>\nFIDIC a anuntat castigatorul 2021 al Premiului sau anual Future Leaders la un eveniment online care a avut loc in data de 9 septembrie 2021 [&#8230;]<\/td>\n<\/tr>\n<tr>\n<td style=\"vertical-align: top;\"><a href=\"\/?p=1322\"><img decoding=\"async\" loading=\"lazy\" class=\"size-full wp-image-1037 alignleft\" src=\"\/wp-content\/uploads\/2021\/04\/cnir-stiri.jpg\" alt=\"\" width=\"276\" height=\"120\" data-id=\"1037\"><\/a><\/td>\n<td style=\"text-align: left; vertical-align: top;\"><a href=\"\/?p=1322\"><strong>CNIR<\/strong><\/a> 01\/03\/2021<br \/>\nMinisterul Transporturilor \u0219i Infrastructurii face un apel c\u0103tre profesioni\u0219tii din sistemul public \u0219i din cel privat [&#8230;]<\/td>\n<\/tr>\n<tr>\n<td style=\"vertical-align: top;\"><a href=\"\/?p=1310\"><img decoding=\"async\" loading=\"lazy\" class=\"size-full wp-image-1037 alignleft\" src=\"\/wp-content\/uploads\/2020\/11\/efca.png\" alt=\"\" width=\"276\" height=\"120\" data-id=\"1037\"><\/a><\/td>\n<td style=\"text-align: left; vertical-align: top;\"><a href=\"\/?p=1310\"><strong>BAROMETRUL EFCA TOAMNA 2020<\/strong><\/a> 12\/11\/2020<br \/>\nPia\u021ba european\u0103 a ingineriei de consultan\u021b\u0103: industria este \u00een continuare sub st\u0103p\u00e2nirea pandemiei de COVID-19[&#8230;]<\/td>\n<\/tr>\n<tr>\n<td style=\"vertical-align: top;\"><a href=\"\/?p=1296\"><img decoding=\"async\" loading=\"lazy\" class=\"size-full wp-image-1037 alignleft\" src=\"\/wp-content\/uploads\/2020\/06\/covid.jpg\" alt=\"\" width=\"276\" height=\"120\" data-id=\"1037\"><\/a><\/td>\n<td style=\"text-align: left; vertical-align: top;\"><a href=\"\/?p=1296\"><strong>Chestionare COVID-19 in cadrul ARIC<\/strong><\/a> 23\/06\/2020<br \/>\nIn perioada starii de urgenta din aprilie si mai 2020, ARIC a efectuat [&#8230;]<\/td>\n<\/tr>\n<tr>\n<td style=\"vertical-align: top;\"><a href=\"\/?p=1282\"><img decoding=\"async\" loading=\"lazy\" class=\"size-full wp-image-1037 alignleft\" src=\"\/wp-content\/uploads\/2020\/03\/brisk-thumb.jpg\" alt=\"\" width=\"276\" height=\"120\" data-id=\"1037\"><\/a><\/td>\n<td style=\"text-align: left; vertical-align: top;\"><a href=\"\/?p=1227\"><strong>BRISK GROUP NOMINALIZAT<\/strong><\/a> 05\/03\/2020<br \/>\nBrisk Group nominalizat la categoriile Project Management Firm si Professional Service Provider in cadrul[&#8230;]<\/td>\n<\/tr>\n<tr>\n<td style=\"vertical-align: top;\"><a href=\"\/?p=1250\"><img decoding=\"async\" loading=\"lazy\" class=\"size-full wp-image-1037 alignleft\" src=\"\/wp-content\/uploads\/2014\/12\/2iulie.jpg\" alt=\"\" width=\"276\" height=\"120\" data-id=\"1037\"><\/a><\/td>\n<td style=\"text-align: left; vertical-align: top;\"><a href=\"\/?p=1227\"><strong>CONCURSUL DE PROIECTE ARIC 2019<\/strong><\/a> 12\/12\/2019<br \/>\nARIC organizeaza Concursul de proiecte 2019. In concurs se vor inscrie proiecte ale membrilor ARIC cu Receptie la[&#8230;]<\/td>\n<\/tr>\n<tr>\n<td style=\"vertical-align: top;\"><a href=\"\/?p=1227\"><img decoding=\"async\" loading=\"lazy\" class=\"size-full wp-image-1037 alignleft\" src=\"\/wp-content\/uploads\/2018\/10\/main_poster_thumb.jpg\" alt=\"\" width=\"276\" height=\"120\" data-id=\"1037\"><\/a><\/td>\n<td style=\"text-align: left; vertical-align: top;\"><a href=\"\/?p=1227\"><strong>CONFERINTA ANUALA A ASOCIATIEI EUROPENE DE DREPTUL CONSTRUCTIILOR 2018<\/strong><\/a> 15\/10\/2018<br \/>\nAsociatia Europeana de Dreptul Construc\u021biilor organizeaza la Bucuresti in perioada 25-28 octombrie 2018 Conferin\u021ba sa anuala cu tema[&#8230;]<\/td>\n<\/tr>\n<tr>\n<td style=\"vertical-align: top;\"><a href=\"\/?p=1183\"><img decoding=\"async\" loading=\"lazy\" class=\"size-full wp-image-1037 alignleft\" src=\"\/wp-content\/uploads\/2014\/12\/2iulie.jpg\" alt=\"\" width=\"276\" height=\"120\" data-id=\"1037\"><\/a><\/td>\n<td style=\"text-align: left; vertical-align: top;\"><a href=\"\/?p=1220\"><strong>CONFERINTA \u201c2018 \u2013 MOMENT DE RASCRUCE PENTRU INFRASTRUCTURA DIN ROMANIA\u201d<\/strong><\/a> 26\/6\/2018<br \/>\nConferinta \u201c2018 \u2013 Moment de rascruce pentru infrastructura din Romania\u201d organizata In comun de catre Asociatia Romana a Inginerilor Consultanti si Asociatia Romana a Antreprenorilor de Constructii ce a avut loc pe data de 7 iunie la Bucuresti[&#8230;]<\/td>\n<\/tr>\n<tr>\n<td style=\"vertical-align: top;\"><a href=\"\/?p=1183\"><img decoding=\"async\" loading=\"lazy\" class=\"size-full wp-image-1037 alignleft\" src=\"\/wp-content\/uploads\/2014\/12\/2iulie.jpg\" alt=\"\" width=\"276\" height=\"120\" data-id=\"1037\"><\/a><\/td>\n<td style=\"text-align: left; vertical-align: top;\"><a href=\"\/?p=1183\"><strong>NOILE MODELE NATIONALE DE CONTRACTE DE LUCRARI<\/strong><\/a> 6\/2\/2018<br \/>\nIn data de 11 ianuarie 2018 s-a publicat in Monitorul Oficial Hotararea de Gurvern nr. 1\/2018, pentru aprobarea condi\u0163iilor [&#8230;]<\/td>\n<\/tr>\n<tr>\n<td style=\"vertical-align: top;\"><a href=\"\/?p=1033\"><img decoding=\"async\" loading=\"lazy\" class=\"size-full wp-image-1037 alignleft\" src=\"\/wp-content\/uploads\/2014\/12\/aric2016-thumb.jpg\" alt=\"\" width=\"276\" height=\"120\" data-id=\"1037\"><\/a><\/td>\n<td style=\"text-align: left; vertical-align: top;\"><a href=\"\/?p=1033\"><strong>Premiile ARIC 2016<\/strong><\/a> 4\/4\/2017<br \/>\nIn cadrul Adunarii Generale a membrilor ARIC din 14 martie 2017 s-au acordat premiile ARIC 2016. [&#8230;]<\/td>\n<\/tr>\n<tr>\n<td style=\"vertical-align: top;\"><a href=\"\/?p=982\"><img decoding=\"async\" loading=\"lazy\" src=\"\/wp-content\/uploads\/2014\/12\/efca.png\" alt=\"\" width=\"276\" height=\"120\" data-id=\"799\"><\/a><\/td>\n<td style=\"text-align: left; vertical-align: top;\"><a href=\"\/?p=982\"><strong>SEDINTA DIRECTORILOR SI SECRETARILOR EFCA LA BUCURESTI<\/strong><\/a> 3\/11\/2016<br \/>\nIn data de 21 octombrie, ARIC a gazduit la sediul sau sedinta Directorilor si Secretarilor asociatiilor membre ale EFCA. Aceasta sedinta este organizata de [&#8230;]<\/td>\n<\/tr>\n<tr>\n<td style=\"vertical-align: top;\"><a href=\"\/?p=973\"><img decoding=\"async\" loading=\"lazy\" src=\"\/wp-content\/uploads\/2014\/12\/2iulie.jpg\" alt=\"\" width=\"276\" height=\"120\" data-id=\"799\"><\/a><\/td>\n<td style=\"text-align: left; vertical-align: top;\"><a href=\"\/?p=973\"><strong>INTALNIRE CU ASOCIATIA INGINERILOR CONSULTANTI DIN UCRAINA<\/strong><\/a> 1\/11\/2016<br \/>\nIn data de 20 octombrie 2016 a avut loc la sediul ARIC o intalnire intre delegatia Asociatiei Inginerilor Consultanti din Ucraina (IGEC) si reprezentanti ai unor firme membre ale [&#8230;]<\/td>\n<\/tr>\n<tr>\n<td style=\"vertical-align: top;\"><a href=\"\/?p=965\"><img decoding=\"async\" loading=\"lazy\" src=\"\/wp-content\/uploads\/2014\/12\/2iulie.jpg\" alt=\"\" width=\"276\" height=\"120\" data-id=\"799\"><\/a><\/td>\n<td style=\"text-align: left; vertical-align: top;\"><a href=\"\/?p=965\"><strong>CONCURS DE PROIECTE ALE MEMBRILOR ARIC<\/strong><\/a> 17\/10\/2016<br \/>\nARIC continua si in 2016 concursul de proiecte realizate de membri ARIC. Pentru premiile anului 2016, memrbii ARIC care [&#8230;]<\/td>\n<\/tr>\n<tr>\n<td style=\"vertical-align: top;\"><a href=\"\/?p=943\"><img decoding=\"async\" loading=\"lazy\" src=\"\/wp-content\/uploads\/2014\/12\/2iulie.jpg\" alt=\"\" width=\"276\" height=\"120\" data-id=\"799\"><\/a><\/td>\n<td style=\"text-align: left; vertical-align: top;\"><a href=\"\/?p=943\"><strong>INFIINTARE GRUPURI DE LUCRU TEMATICE TRANSPORT RUTIER SI TRANSPORT FEROVIAR AFERENTE POIM 2014-2020<\/strong><\/a> 19\/09\/2016<br \/>\nIn luna august 2016 Ministerul Fondurilor Europene, coordonatorul POIM 2014-2020 a initiat procedura de constituire a Grupurilor de lucru tematice pentru [&#8230;]<\/td>\n<\/tr>\n<tr>\n<td style=\"vertical-align: top;\"><a href=\"\/?p=937\"><img decoding=\"async\" loading=\"lazy\" src=\"\/wp-content\/uploads\/2014\/12\/2iulie.jpg\" alt=\"\" width=\"276\" height=\"120\" data-id=\"799\"><\/a><\/td>\n<td style=\"text-align: left; vertical-align: top;\"><a href=\"\/?p=937\"><strong>DEZBATERE LEGISLATIE ACHIZITII PUBLICE<\/strong><\/a> 19\/09\/2016<br \/>\nIn data de 21 septembrie 2016 Freedom House Rom\u00e2nia organizeaz\u0103 dezbaterea Punctele critice ale noii legisla\u021bii \u00een achizi\u021biile publice [&#8230;]<\/td>\n<\/tr>\n<tr>\n<td style=\"vertical-align: top;\"><a href=\"\/?p=932\"><img decoding=\"async\" loading=\"lazy\" src=\"\/wp-content\/uploads\/2014\/12\/2iulie.jpg\" alt=\"\" width=\"276\" height=\"120\" data-id=\"799\"><\/a><\/td>\n<td style=\"text-align: left; vertical-align: top;\"><a href=\"\/?p=932\"><strong>CATRE MEMBRI ARIC<\/strong><\/a> 9\/08\/2016<br \/>\nARIC are \u00een vedere ini\u0163ierea \u00een urm\u0103toarea perioad\u0103 a unor ac\u0163iuni de tip \u201ewatch-dog\u201d privind derularea procedurilor de [&#8230;]<\/td>\n<\/tr>\n<tr>\n<td style=\"vertical-align: top;\"><a href=\"\/?p=879\"><img decoding=\"async\" loading=\"lazy\" src=\"\/wp-content\/uploads\/2014\/12\/2iulie.jpg\" alt=\"\" width=\"276\" height=\"120\" data-id=\"799\"><\/a><\/td>\n<td style=\"text-align: left; vertical-align: top;\"><a href=\"\/?p=879\"><strong>Premiile ARIC 2015<\/strong><\/a> 19\/04\/2016<br \/>\nIn cadrul Adunarii generale din 12 aprilie 2016 s-au inmanat premiile pentru Concursul de proiecte ARIC 2015. Au fost premiate firmele[&#8230;]<\/td>\n<\/tr>\n<tr>\n<td style=\"vertical-align: top;\"><a href=\"\/?p=872\"><img decoding=\"async\" loading=\"lazy\" src=\"\/wp-content\/uploads\/2014\/12\/2iulie.jpg\" alt=\"\" width=\"276\" height=\"120\" data-id=\"799\"><\/a><\/td>\n<td style=\"text-align: left; vertical-align: top;\"><a href=\"\/?p=872\"><strong>Seminarul \u201c Revendicari si Dispute\u201d (Modulul 2 FIDIC)<\/strong><\/a> 19\/04\/2016<br \/>\nARIC impreuna cu Cornerstone Seminars va organiza in 12-13 mai 2016, la Bucuresti Seminarul \u201c Revendicari si Dispute\u201d (Modulul 2 FIDIC).[&#8230;]<\/td>\n<\/tr>\n<tr>\n<td style=\"vertical-align: top;\"><a href=\"\/?p=864\"><img decoding=\"async\" loading=\"lazy\" src=\"\/wp-content\/uploads\/2014\/12\/aric-fidic-thumb.jpg\" alt=\"\" width=\"276\" height=\"120\" data-id=\"799\"><\/a><\/td>\n<td style=\"text-align: left; vertical-align: top;\"><a href=\"\/?p=864\"><strong>Intalnire ARIC \u2013 FIDIC in 22.03.2016<\/strong><\/a> 22\/03\/2016<br \/>\nDl. Dinu Popescu &#8211; Secretar General al ARIC si dl.Enrico Vink \u2013 Manging Director al FIDIC s-au intalnit la sediul[&#8230;]<\/td>\n<\/tr>\n<tr>\n<td style=\"vertical-align: top;\"><a href=\"\/?p=852\"><img decoding=\"async\" loading=\"lazy\" src=\"\/wp-content\/uploads\/2014\/12\/2iulie.jpg\" alt=\"\" width=\"276\" height=\"120\" data-id=\"799\"><\/a><\/td>\n<td style=\"text-align: left; vertical-align: top;\"><a href=\"\/?p=852\"><strong>Constituirea Listei Nationale de Adjudecatori<\/strong><\/a> 29\/02\/2015<br \/>\nFIDIC a stabilit calendarul de constituire a Listei Nationale de Adjudcatori: [&#8230;]<\/td>\n<\/tr>\n<tr>\n<td style=\"vertical-align: top;\"><a href=\"\/?p=843\"><img decoding=\"async\" loading=\"lazy\" src=\"\/wp-content\/uploads\/2014\/12\/2iulie.jpg\" alt=\"\" width=\"276\" height=\"120\" data-id=\"799\"><\/a><\/td>\n<td style=\"text-align: left; vertical-align: top;\"><a href=\"\/?p=843\"><strong>SEMINARUL\u201cNoile reglement\u0103ri \u00een materia achizi\u0163iilor publice\u201d&nbsp;<\/strong><\/a>27\/01\/2015<br \/>\nOrganizat de ARIC in data de 16 februarie 2016 si prezentat de dna. Diana Antofie, Vicepre\u0219edinte ARIC Training \u015fi Achizi\u0163ii Publice, avocat \u015fi formator autorizat [&#8230;]<\/td>\n<\/tr>\n<tr>\n<td style=\"vertical-align: top;\"><a href=\"\/?p=831\"><img decoding=\"async\" loading=\"lazy\" src=\"\/wp-content\/uploads\/2014\/12\/2iulie.jpg\" alt=\"2iulie\" width=\"276\" height=\"120\" data-id=\"799\"><\/a><\/td>\n<td style=\"text-align: left; vertical-align: top;\"><a href=\"\/?p=831\"><strong>CONCURS DE PROIECTE ALE MEMBRILOR ARIC&nbsp;<\/strong><\/a>03\/08\/2015<br \/>\nARIC va organiza un sistem de premiere a proiectelor realizate de membri ARIC. Pentru premiile anului 2015, membrii ARIC care doresc sa participe vor transmite pana la data de [&#8230;]<\/td>\n<\/tr>\n<tr>\n<td style=\"vertical-align: top;\"><a href=\"\/?p=804\"><img decoding=\"async\" loading=\"lazy\" src=\"\/wp-content\/uploads\/2014\/12\/2iulie.jpg\" alt=\"2iulie\" width=\"276\" height=\"120\" data-id=\"799\"><\/a><\/td>\n<td style=\"text-align: left; vertical-align: top;\"><a href=\"\/?p=804\"><strong>EXAMEN PENTRU ACREDITARE TRAINERI FIDIC&nbsp;<\/strong><\/a>03\/08\/2015<br \/>\nIn 2016, FIDIC va organiza la Bucuresti examinarea pentru acreditarea trainerilor pentru modulele 1 si 2. Procedura cuprinde 2 etape: pre-examinare si examinarea. Aplicatiile se pot inainta in perioada 06 octombrie 2015 \u2013 17 ianuarie 2016. [&#8230;]<\/td>\n<\/tr>\n<tr>\n<td style=\"vertical-align: top;\"><a href=\"\/?p=804\"><img decoding=\"async\" loading=\"lazy\" src=\"\/wp-content\/uploads\/2014\/12\/2iulie.jpg\" alt=\"2iulie\" width=\"276\" height=\"120\" data-id=\"799\"><\/a><\/td>\n<td style=\"text-align: left; vertical-align: top;\"><a href=\"\/?p=804\"><strong>PRE\u015eEDINTELE MICHAEL STANCIU LA CONFERIN\u0162A \u201cITALY &amp; ROMANIA: BUILDING TOGETHER\u201d&nbsp;<\/strong><\/a>03\/08\/2015<br \/>\nJoi, 9 iulie 2015, Agen\u0163ia Italian\u0103 pentru Comer\u0163 Exterior &#8211; ICE, \u00een colaborare cu Ambasada Italiei la Bucure\u015fti, Asocia\u0163ia Na\u0163ional\u0103 a Constructorilor Italieni (ANCE) [&#8230;]<\/td>\n<\/tr>\n<tr>\n<td style=\"vertical-align: top;\"><a href=\"\/?p=796\"><img decoding=\"async\" loading=\"lazy\" src=\"\/wp-content\/uploads\/2014\/12\/2iulie.jpg\" alt=\"2iulie\" width=\"276\" height=\"120\" data-id=\"799\"><\/a><\/td>\n<td style=\"text-align: left; vertical-align: top;\"><a href=\"\/?p=796\"><strong>PRELUNGIREA DURATEI DE EXECUTIE IN CADRUL CONTRACTELOR DE CONSTRUCTII&nbsp;<\/strong><\/a>02\/07\/2015<br \/>\nIn cadrul programului de pregatire profesionala, Asociatia Romana a Inginerilor Consultanti a organizat in data de 15 mai 2015 la sediul sau din cladirea [&#8230;]<\/td>\n<\/tr>\n<tr>\n<td style=\"vertical-align: top;\"><a href=\"\/?p=763\"> <img decoding=\"async\" loading=\"lazy\" src=\"\/wp-content\/uploads\/2014\/12\/thumb-news-5mai.jpg\" alt=\"thumb-news-5mai\" width=\"276\" height=\"120\" data-id=\"762\"><\/a><\/td>\n<td style=\"text-align: left; vertical-align: top;\"><a href=\"\/?p=763\"><strong>MODALITATI ALTERNATIVE DE SOLUTIONARE A DISPUTELOR&nbsp;<\/strong><\/a>28\/04\/2015<br \/>\nIn cadrul programului de pregatire &nbsp;profesionala, ARIC a organizat, in data de 23 aprilie 2015, prezentarea \u201cModalitati alternative de solutionare a disputelor\u201d. [&#8230;]<\/td>\n<\/tr>\n<tr>\n<td style=\"vertical-align: top;\"><a href=\"\/?p=715\"><img decoding=\"async\" loading=\"lazy\" src=\"\/wp-content\/uploads\/2015\/thumb-post-c.jpg\" alt=\"prima-conferinta-fisic\" width=\"276\" height=\"120\" data-id=\"385\"><\/a><\/td>\n<td style=\"text-align: left; vertical-align: top;\"><a href=\"\/?p=715\"><strong>PRIMA CONFERINTA FIDIC IN ROMANIA<\/strong><\/a>14\/03\/2015<br \/>\nIn perioada 12-13 martie 2015 a avut loc la Athenee Palace Hilton Bucuresti prima Conferinta Internationala FIDIC in Romania.&nbsp;[&#8230;]<\/td>\n<\/tr>\n<tr>\n<td style=\"vertical-align: top;\"><img decoding=\"async\" loading=\"lazy\" src=\"\/wp-content\/uploads\/2014\/12\/news4-th.jpg\" alt=\"news4-th\" width=\"276\" height=\"120\" data-id=\"572\"><\/td>\n<td style=\"text-align: left; vertical-align: top;\"><a href=\"\/?p=567\"><strong>ASPECTE DE NOUTATE INTRODUSE PRIN NOILE DIRECTIVE EUROPENE PRIVIND ACHIZITIILE PUBLICE\u201d<\/strong><\/a>19\/01\/2015<br \/>\nIn cadrul programului de pregatire profesionala, ARIC a organizat in data de 16 ianuarie 2015 prezentarea \u201cAspecte de noutate introduse prin noile directive &nbsp;[&#8230;]<\/td>\n<\/tr>\n<tr>\n<td style=\"vertical-align: top;\"><a href=\"\/?p=451\"><img decoding=\"async\" loading=\"lazy\" src=\"\/wp-content\/uploads\/2014\/12\/stire3-p1-th.jpg\" alt=\"\" width=\"276\" height=\"120\" data-id=\"383\"><\/a><\/td>\n<td style=\"text-align: left; vertical-align: top;\"><a href=\"\/?p=451\"><strong>PRESEDINTELE MICHAEL STANCIU LA \u201cEUROPEAN CEO CONFERENCE 2014\u201d<\/strong><\/a>19\/12\/2014<br \/>\nPrezent la conferinta \u201cEuropean CEO Conference 2014\u201d, organizata in perioada 18-19 noiembrie in capital Regatului Unit de catre asociatia britanica ACE, domnul presedinte [&#8230;]<\/td>\n<\/tr>\n<tr>\n<td style=\"vertical-align: top;\"><a href=\"\/?p=394\"><img decoding=\"async\" loading=\"lazy\" src=\"\/wp-content\/uploads\/2014\/12\/adunarea-generala-2-thumb.jpg\" alt=\"adunarea-generala-2-thumb\" width=\"276\" height=\"120\" data-id=\"383\"><\/a><\/td>\n<td style=\"text-align: left; vertical-align: top;\"><a href=\"\/?p=394\"><strong>ADUNAREA GENERALA EXTRAORDINARA A MEMBRILOR ARIC<\/strong><\/a>20\/09\/2014<br \/>\nMiercuri, 17 septembrie 2014, a avut loc Adunarea Generala Extraordinara a membrilor ARIC. Evenimentul a avut loc in cladirea Crystal Tower din Bucuresti principalele puncte ale agendei de lucru [&#8230;]<\/td>\n<\/tr>\n<tr>\n<td style=\"vertical-align: top;\"><a href=\"\/?p=389\"><img decoding=\"async\" loading=\"lazy\" src=\"\/wp-content\/uploads\/2014\/12\/parteneriat-aric-armic-thumb.jpg\" alt=\"parteneriat-aric-armic-thumb\" width=\"276\" height=\"120\" data-id=\"385\"><\/a><\/td>\n<td style=\"text-align: left; vertical-align: top;\"><a href=\"\/?p=389\"><strong>PROTOCOL DE PARTNERIAT INTRE ARIC SI ARMIC<\/strong><\/a>20\/09\/2014<br \/>\nIn cadrul intalnirii prilejuite de Adunarea Generala Extraordinara&nbsp;&nbsp; a membrilor ARIC a fost semnat un Protocol de Partneriat&nbsp; intre ARIC&nbsp; si Asociatia Inginerilor Consultanti din republica Moldova (ARMIC).&nbsp;[&#8230;]<\/td>\n<\/tr>\n<\/tbody>\n<\/table>\n","protected":false},"excerpt":{"rendered":"<p>COSMIN TOBOLCEA \u2014 NOUL PRE\u0218EDINTE AL ARIC PENTRU MANDATUL 2026\u20132030 24\/04\/2026 Cu deosebit\u0103 pl\u0103cere v\u0103 anun\u021b\u0103m c\u0103, \u00een cadrul Adun\u0103rii Generale a ARIC desf\u0103\u0219urate ieri, dl. Cosmin Tobolcea a fost ales Pre\u0219edinte al asocia\u021biei&#46;&#46;&#46;<\/p>\n","protected":false},"author":1,"featured_media":0,"comment_status":"closed","ping_status":"closed","sticky":false,"template":"","format":"standard","meta":{"_bbp_topic_count":0,"_bbp_reply_count":0,"_bbp_total_topic_count":0,"_bbp_total_reply_count":0,"_bbp_voice_count":0,"_bbp_anonymous_reply_count":0,"_bbp_topic_count_hidden":0,"_bbp_reply_count_hidden":0,"_bbp_forum_subforum_count":0},"categories":[1],"tags":[],"_links":{"self":[{"href":"https:\/\/aric.org.ro\/index.php?rest_route=\/wp\/v2\/posts\/374"}],"collection":[{"href":"https:\/\/aric.org.ro\/index.php?rest_route=\/wp\/v2\/posts"}],"about":[{"href":"https:\/\/aric.org.ro\/index.php?rest_route=\/wp\/v2\/types\/post"}],"author":[{"embeddable":true,"href":"https:\/\/aric.org.ro\/index.php?rest_route=\/wp\/v2\/users\/1"}],"replies":[{"embeddable":true,"href":"https:\/\/aric.org.ro\/index.php?rest_route=%2Fwp%2Fv2%2Fcomments&post=374"}],"version-history":[{"count":127,"href":"https:\/\/aric.org.ro\/index.php?rest_route=\/wp\/v2\/posts\/374\/revisions"}],"predecessor-version":[{"id":1674,"href":"https:\/\/aric.org.ro\/index.php?rest_route=\/wp\/v2\/posts\/374\/revisions\/1674"}],"wp:attachment":[{"href":"https:\/\/aric.org.ro\/index.php?rest_route=%2Fwp%2Fv2%2Fmedia&parent=374"}],"wp:term":[{"taxonomy":"category","embeddable":true,"href":"https:\/\/aric.org.ro\/index.php?rest_route=%2Fwp%2Fv2%2Fcategories&post=374"},{"taxonomy":"post_tag","embeddable":true,"href":"https:\/\/aric.org.ro\/index.php?rest_route=%2Fwp%2Fv2%2Ftags&post=374"}],"curies":[{"name":"wp","href":"https:\/\/api.w.org\/{rel}","templated":true}]}}